{"id":110,"date":"2011-12-05T09:01:10","date_gmt":"2011-12-05T09:01:10","guid":{"rendered":"http:\/\/ptbf.sggw.pl\/?p=110"},"modified":"2011-12-05T09:01:10","modified_gmt":"2011-12-05T09:01:10","slug":"mitochondrion-2011","status":"publish","type":"post","link":"https:\/\/ptbf.pl\/?p=110","title":{"rendered":"Mitochondrion 2011"},"content":{"rendered":"<p><img loading=\"lazy\" decoding=\"async\" class=\"alignleft\" src=\"\/wp-content\/uploads\/2011\/12\/mitochondrion-2011.jpg\" alt=\"\" width=\"126\" height=\"178\" \/>W Wierzbie, w dniach 30 listopad \u2013 3 grudnia 2011 odby\u0142a si\u0119 Konferencja Mitochondrion 2011 organizowana przez: Instytut Nenckiego PAN, Polsk\u0105 Sie\u0107 Mitochondrialn\u0105 (MitoNet.pl) oraz Sekcj\u0119 Bioenergetyczn\u0105 Polskiego Towarzystwa Biochemicznego na kt\u00f3rej wyk\u0142ad inauguracyjny pt. &#8222;Zarz\u0105dzanie energi\u0105 w aparacie fotosyntetycznym&#8221; wyg\u0142osi\u0142 prof. dr hab. Wies\u0142aw I. Gruszecki z Instytut Fizyki, Uniwersytetu Marii Curie-Sklodowskiej w Lublinie<\/p>\n","protected":false},"excerpt":{"rendered":"<a href=\"https:\/\/ptbf.pl\/?p=110\"><img loading=\"lazy\" decoding=\"async\" width=\"150\" height=\"150\" src=\"http:\/\/ptbf.pl\/wp-content\/plugins\/thumbnail-for-excerpts\/tfe_no_thumb.png\" class=\"alignleft wp-post-image tfe\" alt=\"\" title=\"\" \/><\/a><p>W Wierzbie, w dniach 30 listopad \u2013 3 grudnia 2011 odby\u0142a si\u0119 Konferencja Mitochondrion 2011 organizowana przez: Instytut Nenckiego PAN, Polsk\u0105 Sie\u0107 Mitochondrialn\u0105 (MitoNet.pl) oraz Sekcj\u0119 Bioenergetyczn\u0105 Polskiego Towarzystwa Biochemicznego na kt\u00f3rej wyk\u0142ad inauguracyjny pt. &#8222;Zarz\u0105dzanie energi\u0105 w aparacie fotosyntetycznym&#8221; &hellip; <a href=\"https:\/\/ptbf.pl\/?p=110\">Czytaj dalej <span class=\"meta-nav\">&rarr;<\/span><\/a><\/p>\n","protected":false},"author":2,"featured_media":0,"comment_status":"closed","ping_status":"closed","sticky":false,"template":"","format":"standard","meta":{"ngg_post_thumbnail":0,"footnotes":"","_links_to":"","_links_to_target":""},"categories":[4],"tags":[],"class_list":["post-110","post","type-post","status-publish","format-standard","hentry","category-kongresy-i-konferencje"],"_links":{"self":[{"href":"https:\/\/ptbf.pl\/index.php?rest_route=\/wp\/v2\/posts\/110","targetHints":{"allow":["GET"]}}],"collection":[{"href":"https:\/\/ptbf.pl\/index.php?rest_route=\/wp\/v2\/posts"}],"about":[{"href":"https:\/\/ptbf.pl\/index.php?rest_route=\/wp\/v2\/types\/post"}],"author":[{"embeddable":true,"href":"https:\/\/ptbf.pl\/index.php?rest_route=\/wp\/v2\/users\/2"}],"replies":[{"embeddable":true,"href":"https:\/\/ptbf.pl\/index.php?rest_route=%2Fwp%2Fv2%2Fcomments&post=110"}],"version-history":[{"count":0,"href":"https:\/\/ptbf.pl\/index.php?rest_route=\/wp\/v2\/posts\/110\/revisions"}],"wp:attachment":[{"href":"https:\/\/ptbf.pl\/index.php?rest_route=%2Fwp%2Fv2%2Fmedia&parent=110"}],"wp:term":[{"taxonomy":"category","embeddable":true,"href":"https:\/\/ptbf.pl\/index.php?rest_route=%2Fwp%2Fv2%2Fcategories&post=110"},{"taxonomy":"post_tag","embeddable":true,"href":"https:\/\/ptbf.pl\/index.php?rest_route=%2Fwp%2Fv2%2Ftags&post=110"}],"curies":[{"name":"wp","href":"https:\/\/api.w.org\/{rel}","templated":true}]}}