{"id":587,"date":"2013-11-20T13:44:04","date_gmt":"2013-11-20T13:44:04","guid":{"rendered":"http:\/\/ptbf.pl\/?p=587"},"modified":"2013-11-20T13:45:09","modified_gmt":"2013-11-20T13:45:09","slug":"587","status":"publish","type":"post","link":"https:\/\/ptbf.pl\/?p=587","title":{"rendered":"Nowy Zarz\u0105d G\u0142\u00f3wny"},"content":{"rendered":"<p>Szanowni Pa\u0144stwo,<br \/>\nuprzejmie informujemy, \u017ce Polskie Towarzystwo Biofizyczne podczas Walnego Zgromadzenia w dniu 27 czerwca 2013 r, w Na\u0142\u0119czowie wybra\u0142o nowy Zarz\u0105d G\u0142\u00f3wny w skladzie:<\/p>\n<p>Prof. dr hab. Zbigniew Wieczorek (UW-M w Olsztynie) &#8211; Prezes (<a href=\"mailto:zbyszek@uwm.edu.pl\">zbyszek@uwm.edu.pl<\/a>)<br \/>\nDr hab. Krzysztof Bryl, prof. UWM (UW-M w Olsztynie) &#8211; wiceprezes ( <a href=\"mailto:krzysztof.bryl@uwm.edu.pl\">krzysztof.bryl@uwm.edu.pl<\/a>)<br \/>\nDr Mariusz Szabelski\u00a0 Sekretarz, (UW-M w Olsztynie) &#8211; (<a href=\"mailto:mariusz.szabelski@uwm.edu.pl\">mariusz.szabelski@uwm.edu.pl<\/a>)<br \/>\nDr Monika Pietrzak, Skarbnik, (UW-M w Olsztynie) &#8211; (<a>pietrzak@uwm.edu.pl<\/a>)<br \/>\nProf. dr hab.\u00a0 Wies\u0142aw Gruszecki, Cz\u0142onek Zarz\u0105du G\u0142\u00f3wnego (UMCS w Lublinie),<br \/>\nProf. dr hab. Grzegorz Bartosz, Cz\u0142onek Zarz\u0105du G\u0142\u00f3wnego (U\u0141 w \u0141odzi)<br \/>\nProf. dr hab. Krzysztof Do\u0142owy, Cz\u0142onek Zarz\u0105du G\u0142\u00f3wnego (SGGW w Warszawie)<\/p>\n","protected":false},"excerpt":{"rendered":"<a href=\"https:\/\/ptbf.pl\/?p=587\"><img loading=\"lazy\" decoding=\"async\" width=\"150\" height=\"150\" src=\"http:\/\/ptbf.pl\/wp-content\/plugins\/thumbnail-for-excerpts\/tfe_no_thumb.png\" class=\"alignleft wp-post-image tfe\" alt=\"\" title=\"\" \/><\/a><p>Szanowni Pa\u0144stwo, uprzejmie informujemy, \u017ce Polskie Towarzystwo Biofizyczne podczas Walnego Zgromadzenia w dniu 27 czerwca 2013 r, w Na\u0142\u0119czowie wybra\u0142o nowy Zarz\u0105d G\u0142\u00f3wny w skladzie: Prof. dr hab. Zbigniew Wieczorek (UW-M w Olsztynie) &#8211; Prezes (zbyszek@uwm.edu.pl) Dr hab. Krzysztof Bryl, &hellip; <a href=\"https:\/\/ptbf.pl\/?p=587\">Czytaj dalej <span class=\"meta-nav\">&rarr;<\/span><\/a><\/p>\n","protected":false},"author":2,"featured_media":0,"comment_status":"closed","ping_status":"closed","sticky":false,"template":"","format":"standard","meta":{"ngg_post_thumbnail":0,"footnotes":"","_links_to":"","_links_to_target":""},"categories":[3],"tags":[],"class_list":["post-587","post","type-post","status-publish","format-standard","hentry","category-aktualnosci"],"_links":{"self":[{"href":"https:\/\/ptbf.pl\/index.php?rest_route=\/wp\/v2\/posts\/587","targetHints":{"allow":["GET"]}}],"collection":[{"href":"https:\/\/ptbf.pl\/index.php?rest_route=\/wp\/v2\/posts"}],"about":[{"href":"https:\/\/ptbf.pl\/index.php?rest_route=\/wp\/v2\/types\/post"}],"author":[{"embeddable":true,"href":"https:\/\/ptbf.pl\/index.php?rest_route=\/wp\/v2\/users\/2"}],"replies":[{"embeddable":true,"href":"https:\/\/ptbf.pl\/index.php?rest_route=%2Fwp%2Fv2%2Fcomments&post=587"}],"version-history":[{"count":0,"href":"https:\/\/ptbf.pl\/index.php?rest_route=\/wp\/v2\/posts\/587\/revisions"}],"wp:attachment":[{"href":"https:\/\/ptbf.pl\/index.php?rest_route=%2Fwp%2Fv2%2Fmedia&parent=587"}],"wp:term":[{"taxonomy":"category","embeddable":true,"href":"https:\/\/ptbf.pl\/index.php?rest_route=%2Fwp%2Fv2%2Fcategories&post=587"},{"taxonomy":"post_tag","embeddable":true,"href":"https:\/\/ptbf.pl\/index.php?rest_route=%2Fwp%2Fv2%2Ftags&post=587"}],"curies":[{"name":"wp","href":"https:\/\/api.w.org\/{rel}","templated":true}]}}