{"id":620,"date":"2014-01-13T14:38:00","date_gmt":"2014-01-13T14:38:00","guid":{"rendered":"http:\/\/ptbf.pl\/?p=620"},"modified":"2014-01-13T16:14:35","modified_gmt":"2014-01-13T16:14:35","slug":"620","status":"publish","type":"post","link":"https:\/\/ptbf.pl\/?p=620","title":{"rendered":"IX Konferencja &#8222;Techniki elektrofizjologiczne&#8221;"},"content":{"rendered":"<p align=\"justify\"><a href=\"http:\/\/konferencjaelektrofizjologiczna.pl\"><img loading=\"lazy\" decoding=\"async\" class=\"alignleft\" alt=\"\" src=\"http:\/\/ptbf.pl\/wp-content\/uploads\/2014\/01\/IX-konferencja-logo.jpg\" width=\"216\" height=\"216\" \/><\/a>W dniach 5,6 czerwca 2014 odb\u0119dzie si\u0119 IX Konferencja &#8222;Techniki elektrofizjologiczne w badaniach zjawisk bioelektrycznych: od kana\u0142\u00f3w jonowych po sieci neuronalne&#8221;.<\/p>\n<p align=\"justify\">Po ponad 30 latach Konferencja tego typu odb\u0119dzie si\u0119 ponownie w Lublinie. Dotychczasowe spotkania by\u0142y okazj\u0105 wymiany do\u015bwiadcze\u0144 i dyskusji dla elektrofizjolog\u00f3w zajmuj\u0105cych si\u0119 szerokim spektrum zagadnie\u0144 od bada\u0144 kana\u0142\u00f3w jonowych w endomembranach do sygna\u0142\u00f3w generowanych w m\u00f3zgach ssak\u00f3w. Wyj\u0105tkow\u0105 warto\u015bci\u0105 tej konferencji jest integracja \u015brodowisk neurofizjolog\u00f3w, biofizyk\u00f3w i elektrofizjolog\u00f3w zwierz\u0105t i ro\u015blin, kt\u00f3rych \u0142\u0105czy wsp\u00f3lna pasja &#8211; badanie zjawisk elektrycznych b\u0119d\u0105cych podstaw\u0105 funkcjonowania kom\u00f3rek i organizm\u00f3w. Jak wskazuje nazwa cyklu konferencji, du\u017c\u0105 uwag\u0119 po\u015bwi\u0119ca si\u0119 rozwojowi technik elektrofizjologicnzych i innych metod s\u0142u\u017c\u0105cych do bada\u0144 skutk\u00f3w przep\u0142ywu jon\u00f3w przez b\u0142ony biologiczne.<!--more--><\/p>\n<p align=\"justify\">W trakcie konferencji opr\u00f3cz wyk\u0142ad\u00f3w, przewidziana jest tak\u017ce sesja posterowa.<\/p>\n<p align=\"justify\">Miejscem obrad b\u0119dzie hotel Victoria po\u0142o\u017cony w centrum miasta przy ul. Narutowicza 58\/60 &#8211; 10 minut spacerem od miasteczka akademickiego UMCS i 15 minut od wyj\u0105tkowego lubelskiego starego miasta. Hotel oferuje sal\u0119 wyk\u0142adow\u0105, specjalne miejsce do prezentacji poster\u00f3w i aparatury. W ramach op\u0142aty konferencyjnej, b\u0119dzie mo\u017cna skorzysta\u0107 ze smacznych i r\u00f3\u017cnorodnych posi\u0142k\u00f3w, a wieczorem 5 czerwca przewidziana jest uroczysta kolacja. Noclegi, tak jak poprzednio, rezerwuj\u0105 i op\u0142acaj\u0105 sami uczestnicy. Hotel Victoria oferuje dla uczestnik\u00f3w konferencji pul\u0119 pokoi 1 i 2-osobowych w korzystnych cenach za nocleg.<\/p>\n<p align=\"justify\">Zapraszamy Pa\u0144stwa serdecznie do Lublina.<\/p>\n<p align=\"center\">w imieniu Komitetu Organizacyjnego<\/p>\n<p align=\"center\">Kazimierz Tr\u0119bacz<\/p>\n<p style=\"text-align: left;\" align=\"center\"><a href=\"http:\/\/konferencjaelektrofizjologiczna.pl\/\">Odno\u015bnik do strony Konferencji<\/a><\/p>\n","protected":false},"excerpt":{"rendered":"<a href=\"https:\/\/ptbf.pl\/?p=620\"><img loading=\"lazy\" decoding=\"async\" width=\"150\" height=\"150\" src=\"http:\/\/ptbf.pl\/wp-content\/plugins\/thumbnail-for-excerpts\/tfe_no_thumb.png\" class=\"alignleft wp-post-image tfe\" alt=\"\" title=\"\" \/><\/a><p>W dniach 5,6 czerwca 2014 odb\u0119dzie si\u0119 IX Konferencja &#8222;Techniki elektrofizjologiczne w badaniach zjawisk bioelektrycznych: od kana\u0142\u00f3w jonowych po sieci neuronalne&#8221;. Po ponad 30 latach Konferencja tego typu odb\u0119dzie si\u0119 ponownie w Lublinie. Dotychczasowe spotkania by\u0142y okazj\u0105 wymiany do\u015bwiadcze\u0144 i &hellip; <a href=\"https:\/\/ptbf.pl\/?p=620\">Czytaj dalej <span class=\"meta-nav\">&rarr;<\/span><\/a><\/p>\n","protected":false},"author":2,"featured_media":0,"comment_status":"closed","ping_status":"closed","sticky":false,"template":"","format":"standard","meta":{"ngg_post_thumbnail":0,"footnotes":"","_links_to":"","_links_to_target":""},"categories":[3,4],"tags":[],"class_list":["post-620","post","type-post","status-publish","format-standard","hentry","category-aktualnosci","category-kongresy-i-konferencje"],"_links":{"self":[{"href":"https:\/\/ptbf.pl\/index.php?rest_route=\/wp\/v2\/posts\/620","targetHints":{"allow":["GET"]}}],"collection":[{"href":"https:\/\/ptbf.pl\/index.php?rest_route=\/wp\/v2\/posts"}],"about":[{"href":"https:\/\/ptbf.pl\/index.php?rest_route=\/wp\/v2\/types\/post"}],"author":[{"embeddable":true,"href":"https:\/\/ptbf.pl\/index.php?rest_route=\/wp\/v2\/users\/2"}],"replies":[{"embeddable":true,"href":"https:\/\/ptbf.pl\/index.php?rest_route=%2Fwp%2Fv2%2Fcomments&post=620"}],"version-history":[{"count":0,"href":"https:\/\/ptbf.pl\/index.php?rest_route=\/wp\/v2\/posts\/620\/revisions"}],"wp:attachment":[{"href":"https:\/\/ptbf.pl\/index.php?rest_route=%2Fwp%2Fv2%2Fmedia&parent=620"}],"wp:term":[{"taxonomy":"category","embeddable":true,"href":"https:\/\/ptbf.pl\/index.php?rest_route=%2Fwp%2Fv2%2Fcategories&post=620"},{"taxonomy":"post_tag","embeddable":true,"href":"https:\/\/ptbf.pl\/index.php?rest_route=%2Fwp%2Fv2%2Ftags&post=620"}],"curies":[{"name":"wp","href":"https:\/\/api.w.org\/{rel}","templated":true}]}}