{"id":814,"date":"2014-09-25T10:04:23","date_gmt":"2014-09-25T10:04:23","guid":{"rendered":"http:\/\/ptbf.pl\/?p=814"},"modified":"2014-10-11T13:04:53","modified_gmt":"2014-10-11T13:04:53","slug":"bio2014-jeszcze-raz","status":"publish","type":"post","link":"https:\/\/ptbf.pl\/?p=814","title":{"rendered":"BIO2014 jeszcze raz"},"content":{"rendered":"<p><b>Du\u017co si\u0119 dzia\u0142o. Bardzo Du\u017co si\u0119 wydarzy\u0142o. Bardzo, bardzo du\u017co przed nami\u2026<\/b><\/p>\n<p>Mo\u017ce za wcze\u015bnie na podsumowanie BIO2014. Zrobi\u0105 to z pewno\u015bci\u0105 Organizatorzy.<\/p>\n<p>Jeste\u015bmy jednak ciekawi, jakie zdanie o BIO2014 maj\u0105 uczestnicz\u0105cy w tym kongresie cz\u0142onkowie PTBF. Chcieliby\u015bmy pozna\u0107 opinie. Tym bardziej, \u017ce prawdopodobnie w grudniu we\u017amiemy udzia\u0142 w spotkaniu dotycz\u0105cym r\u00f3wnie\u017c przysz\u0142o\u015bci Kongres\u00f3w BIO.<\/p>\n<p>Musimy r\u00f3wnie\u017c w tym kontek\u015bcie przemy\u015ble\u0107 spraw\u0119 najbli\u017cszego Zjazdu PTBF (rok 2016) oraz kolejnych zjazd\u00f3w.<\/p>\n<p>Uprzejmie prosz\u0119 o przesy\u0142anie opinii, sugestii bezpo\u015brednio do mnie (kris@uwm.edu.pl). Mo\u017ce warto pomy\u015ble\u0107 o forum, o prezentowaniu opinii na naszej stronie internetowej.<!--more--><\/p>\n<p><b>PTBF by\u0142o wida\u0107.<\/b><\/p>\n<p>Pani Prof. Urszula Wojda, Przewodnicz\u0105ca Komitetu Organizacyjnego oraz Dobry Duch ca\u0142ego Kongresu, chwali\u0142a wsp\u00f3\u0142prac\u0119 z PTBF. SERDECZNE PODZI\u0118KOWANIA WSZYSTKIM, kt\u00f3rzy aktywnie w\u0142\u0105czyli si\u0119 w organizacj\u0119 i przeprowadzenie Kongresu. Wymieni\u0107 wszystkich\u2026? TRUDNO. Z ca\u0142\u0105 pewno\u015bci\u0105 absolutnie znakomita praca Oddzia\u0142u PTBF w Warszawie, (SGGW Warszawa, <a href=\"http:\/\/kf.sggw.pl\/\">Katedra Fizyki, Zak\u0142ad Biofizyki<\/a>) pod dow\u00f3dztwem Przewodnicz\u0105cego Dr. hab. Piotra Bednarczyka. Nie tylko znakomicie dowodzi. Sam HARUJE.<\/p>\n<p><b>Du\u017co si\u0119 dzia\u0142o. Bardzo Du\u017co si\u0119 wydarzy\u0142o. Bardzo, bardzo du\u017co przed nami\u2026<\/b><\/p>\n<p>Do wielu spraw, kt\u00f3re mog\u0105 mie\u0107 zwi\u0105zek z PTBF oraz wp\u0142ywa\u0107 na tzw. \u201esprawy biofizyczne\u201d b\u0119dziemy wraca\u0107. Teraz w telegraficznym skr\u00f3cie PTBF na BIO2014.<\/p>\n<ul>\n<li>Odby\u0142o si\u0119 otwarte, robocze spotkanie ZG PTBF (wtorek 9 wrze\u015bnia o godz. 12:00). Porozmawiali\u015bmy o (1) nagrodzie na BIO2014, (2) nagrodach EBSA2015, (3) systemie nagr\u00f3d PTBF, (4) usprawnieniu kontakt\u00f3w z oddzia\u0142ami, (5) sprawach finansowych. Do poszczeg\u00f3lnych temat\u00f3w b\u0119dziemy wraca\u0107. Wida\u0107 jednak, \u017ce kontakt internetowy, cho\u0107by najlepszy, nie zast\u0105pi \u017cywej dyskusji.<\/li>\n<\/ul>\n<ul>\n<li>Planowali\u015bmy przyzna\u0107 nagrod\u0119 PTBF na Kongresie BIO2014: <b>PTBF Award for the Best biophysical poster presentation during BIO 2014 Congress, Warsaw. <\/b>STA\u0141O SI\u0118 WI\u0118CEJ! Nie ukrywam, dzi\u0119ki dobremu poziomowi prac oraz solidnej pracy Komisji. Komisja w sk\u0142adzie: Krzysztof \u00a0Do\u0142owy, Krzysztof \u00a0Bryl (przewodnicz\u0105cy)\u00a0 oraz m\u0142odzie\u017c Ania Wypijewska Del Nogal i Wojtek Grudzi\u0144ski postanowi\u0142a przyzna\u0107 g\u0142\u00f3wn\u0105 nagrod\u0119,\u00a0 ksi\u0105\u017ck\u0119 <b>\u201d Molecular and Cellular Biophysics\u201d<\/b> oraz dyplom\u00a0 Pani Agnieszka Borowik z Laboratory of Biophysics, Intercollegiate Faculty of Biotechnology UG-MUG, Gda\u0144sk. Natomiast \u201etym wi\u0119cej\u201d by\u0142o przyznanie wyr\u00f3\u017cnienia w postaci dyplomu.\u00a0 Wyr\u00f3\u017cnienie otrzyma\u0142a Pani Eliza Zimol\u0105g z Faculty of Biochemistrym Biophysics and Biotechnology, Department of Cell Biology, UJ. Obie nagrody, przy nies\u0142ychanie bogatej publiczno\u015bci, zosta\u0142y wr\u0119czone na sesji zamykaj\u0105cej Kongres. Gratulujemy Laureatkom. Nies\u0142ychanie ciekawym pomys\u0142em by\u0142o wprowadzenie podobnego wzoru dyplom\u00f3w: Nagroda Danego Towarzystwa w otoczeniu innych towarzystw.<\/li>\n<\/ul>\n<p><a href=\"http:\/\/ptbf.pl\/wp-content\/uploads\/2014\/09\/PTBF-Poster-Agnieszka-Borowik.jpg\"><img loading=\"lazy\" decoding=\"async\" class=\"wp-image-834 alignleft\" alt=\"PTBF Poster Agnieszka Borowik\" src=\"http:\/\/ptbf.pl\/wp-content\/uploads\/2014\/09\/PTBF-Poster-Agnieszka-Borowik-722x1024.jpg\" width=\"269\" height=\"382\" srcset=\"https:\/\/ptbf.pl\/wp-content\/uploads\/2014\/09\/PTBF-Poster-Agnieszka-Borowik-722x1024.jpg 722w, https:\/\/ptbf.pl\/wp-content\/uploads\/2014\/09\/PTBF-Poster-Agnieszka-Borowik-211x300.jpg 211w, https:\/\/ptbf.pl\/wp-content\/uploads\/2014\/09\/PTBF-Poster-Agnieszka-Borowik.jpg 1191w\" sizes=\"auto, (max-width: 269px) 100vw, 269px\" \/><\/a><a href=\"http:\/\/ptbf.pl\/wp-content\/uploads\/2014\/09\/PTBF-Poster-wyr\u00f3\u017cnienie-Eliza-Zimolag.jpg\"><img loading=\"lazy\" decoding=\"async\" class=\"wp-image-835 alignright\" alt=\"PTBF Poster wyr\u00f3\u017cnienie Eliza Zimolag\" src=\"http:\/\/ptbf.pl\/wp-content\/uploads\/2014\/09\/PTBF-Poster-wyr\u00f3\u017cnienie-Eliza-Zimolag-722x1024.jpg\" width=\"269\" height=\"382\" srcset=\"https:\/\/ptbf.pl\/wp-content\/uploads\/2014\/09\/PTBF-Poster-wyr\u00f3\u017cnienie-Eliza-Zimolag-722x1024.jpg 722w, https:\/\/ptbf.pl\/wp-content\/uploads\/2014\/09\/PTBF-Poster-wyr\u00f3\u017cnienie-Eliza-Zimolag-211x300.jpg 211w, https:\/\/ptbf.pl\/wp-content\/uploads\/2014\/09\/PTBF-Poster-wyr\u00f3\u017cnienie-Eliza-Zimolag.jpg 1191w\" sizes=\"auto, (max-width: 269px) 100vw, 269px\" \/><\/a><\/p>\n<p>&nbsp;<\/p>\n<p>&nbsp;<\/p>\n<p>&nbsp;<\/p>\n<p>&nbsp;<\/p>\n<p>&nbsp;<\/p>\n<p>&nbsp;<\/p>\n<p>&nbsp;<\/p>\n<p>&nbsp;<\/p>\n<p>&nbsp;<\/p>\n<p><b>Du\u017co si\u0119 dzia\u0142o. Bardzo Du\u017co si\u0119 wydarzy\u0142o. Bardzo, bardzo du\u017co przed nami\u2026<\/b><\/p>\n<p>Krzysztof Bryl, Wiceprezes PTBF<\/p>\n<p>&nbsp;<\/p>\n","protected":false},"excerpt":{"rendered":"<a href=\"https:\/\/ptbf.pl\/?p=814\"><img loading=\"lazy\" decoding=\"async\" width=\"150\" height=\"150\" src=\"http:\/\/ptbf.pl\/wp-content\/plugins\/thumbnail-for-excerpts\/tfe_no_thumb.png\" class=\"alignleft wp-post-image tfe\" alt=\"\" title=\"\" \/><\/a><p>Du\u017co si\u0119 dzia\u0142o. Bardzo Du\u017co si\u0119 wydarzy\u0142o. Bardzo, bardzo du\u017co przed nami\u2026 Mo\u017ce za wcze\u015bnie na podsumowanie BIO2014. Zrobi\u0105 to z pewno\u015bci\u0105 Organizatorzy. Jeste\u015bmy jednak ciekawi, jakie zdanie o BIO2014 maj\u0105 uczestnicz\u0105cy w tym kongresie cz\u0142onkowie PTBF. Chcieliby\u015bmy pozna\u0107 opinie. &hellip; <a href=\"https:\/\/ptbf.pl\/?p=814\">Czytaj dalej <span class=\"meta-nav\">&rarr;<\/span><\/a><\/p>\n","protected":false},"author":2,"featured_media":0,"comment_status":"closed","ping_status":"closed","sticky":false,"template":"","format":"standard","meta":{"ngg_post_thumbnail":0,"footnotes":"","_links_to":"","_links_to_target":""},"categories":[3,5],"tags":[],"class_list":["post-814","post","type-post","status-publish","format-standard","hentry","category-aktualnosci","category-listy-prezesa"],"_links":{"self":[{"href":"https:\/\/ptbf.pl\/index.php?rest_route=\/wp\/v2\/posts\/814","targetHints":{"allow":["GET"]}}],"collection":[{"href":"https:\/\/ptbf.pl\/index.php?rest_route=\/wp\/v2\/posts"}],"about":[{"href":"https:\/\/ptbf.pl\/index.php?rest_route=\/wp\/v2\/types\/post"}],"author":[{"embeddable":true,"href":"https:\/\/ptbf.pl\/index.php?rest_route=\/wp\/v2\/users\/2"}],"replies":[{"embeddable":true,"href":"https:\/\/ptbf.pl\/index.php?rest_route=%2Fwp%2Fv2%2Fcomments&post=814"}],"version-history":[{"count":0,"href":"https:\/\/ptbf.pl\/index.php?rest_route=\/wp\/v2\/posts\/814\/revisions"}],"wp:attachment":[{"href":"https:\/\/ptbf.pl\/index.php?rest_route=%2Fwp%2Fv2%2Fmedia&parent=814"}],"wp:term":[{"taxonomy":"category","embeddable":true,"href":"https:\/\/ptbf.pl\/index.php?rest_route=%2Fwp%2Fv2%2Fcategories&post=814"},{"taxonomy":"post_tag","embeddable":true,"href":"https:\/\/ptbf.pl\/index.php?rest_route=%2Fwp%2Fv2%2Ftags&post=814"}],"curies":[{"name":"wp","href":"https:\/\/api.w.org\/{rel}","templated":true}]}}