{"id":846,"date":"2014-11-20T07:59:15","date_gmt":"2014-11-20T07:59:15","guid":{"rendered":"http:\/\/ptbf.pl\/?p=846"},"modified":"2014-11-20T08:15:34","modified_gmt":"2014-11-20T08:15:34","slug":"warsztaty-biofizyczne","status":"publish","type":"post","link":"https:\/\/ptbf.pl\/?p=846","title":{"rendered":"Warsztaty Biofizyczne"},"content":{"rendered":"<p align=\"center\"><a href=\"http:\/\/ptbf.pl\/wp-content\/uploads\/2014\/11\/Warsztaty-2015_Logo.jpg\"><img loading=\"lazy\" decoding=\"async\" class=\" wp-image-848 alignleft\" alt=\"Warsztaty 2015_Logo\" src=\"http:\/\/ptbf.pl\/wp-content\/uploads\/2014\/11\/Warsztaty-2015_Logo.jpg\" width=\"169\" height=\"227\" \/><\/a>Z przyjemno\u015bci\u0105 informujemy,<\/p>\n<p align=\"center\">\u017ce\u00a0<b>w dniach 1-7 lutego 2015 r. w Siennej<\/b><\/p>\n<p align=\"center\">pod patronatem <b>Polskiego Towarzystwa Biofizycznego<\/b><\/p>\n<p align=\"center\">odb\u0119d\u0105 si\u0119<b>\u00a0<\/b><b>VII Zimowe Warsztaty Biofizyczne<\/b><\/p>\n<p align=\"center\">organizowane przez<b>\u00a0Zak\u0142ad Biofizyki Molekularnej WF UAM<\/b>.<\/p>\n<p style=\"text-align: left;\" align=\"center\">Wszystkie informacje na temat Warsztat\u00f3w mo\u017cna znale\u017a\u0107 na stronie internetowej: <a href=\"https:\/\/sites.google.com\/site\/warsztatyzbm\/\" target=\"_blank\">https:\/\/sites.google.com\/site\/warsztatyzbm\/<\/a><\/p>\n<p style=\"text-align: center;\">Serdecznie zapraszamy do udzia\u0142u w Warsztatach!<\/p>\n","protected":false},"excerpt":{"rendered":"<a href=\"https:\/\/ptbf.pl\/?p=846\"><img loading=\"lazy\" decoding=\"async\" width=\"150\" height=\"150\" src=\"http:\/\/ptbf.pl\/wp-content\/plugins\/thumbnail-for-excerpts\/tfe_no_thumb.png\" class=\"alignleft wp-post-image tfe\" alt=\"\" title=\"\" \/><\/a><p>Z przyjemno\u015bci\u0105 informujemy, \u017ce\u00a0w dniach 1-7 lutego 2015 r. w Siennej pod patronatem Polskiego Towarzystwa Biofizycznego odb\u0119d\u0105 si\u0119\u00a0VII Zimowe Warsztaty Biofizyczne organizowane przez\u00a0Zak\u0142ad Biofizyki Molekularnej WF UAM. Wszystkie informacje na temat Warsztat\u00f3w mo\u017cna znale\u017a\u0107 na stronie internetowej: https:\/\/sites.google.com\/site\/warsztatyzbm\/ Serdecznie zapraszamy &hellip; <a href=\"https:\/\/ptbf.pl\/?p=846\">Czytaj dalej <span class=\"meta-nav\">&rarr;<\/span><\/a><\/p>\n","protected":false},"author":2,"featured_media":0,"comment_status":"closed","ping_status":"closed","sticky":false,"template":"","format":"standard","meta":{"ngg_post_thumbnail":0,"footnotes":"","_links_to":"","_links_to_target":""},"categories":[3],"tags":[],"class_list":["post-846","post","type-post","status-publish","format-standard","hentry","category-aktualnosci"],"_links":{"self":[{"href":"https:\/\/ptbf.pl\/index.php?rest_route=\/wp\/v2\/posts\/846","targetHints":{"allow":["GET"]}}],"collection":[{"href":"https:\/\/ptbf.pl\/index.php?rest_route=\/wp\/v2\/posts"}],"about":[{"href":"https:\/\/ptbf.pl\/index.php?rest_route=\/wp\/v2\/types\/post"}],"author":[{"embeddable":true,"href":"https:\/\/ptbf.pl\/index.php?rest_route=\/wp\/v2\/users\/2"}],"replies":[{"embeddable":true,"href":"https:\/\/ptbf.pl\/index.php?rest_route=%2Fwp%2Fv2%2Fcomments&post=846"}],"version-history":[{"count":0,"href":"https:\/\/ptbf.pl\/index.php?rest_route=\/wp\/v2\/posts\/846\/revisions"}],"wp:attachment":[{"href":"https:\/\/ptbf.pl\/index.php?rest_route=%2Fwp%2Fv2%2Fmedia&parent=846"}],"wp:term":[{"taxonomy":"category","embeddable":true,"href":"https:\/\/ptbf.pl\/index.php?rest_route=%2Fwp%2Fv2%2Fcategories&post=846"},{"taxonomy":"post_tag","embeddable":true,"href":"https:\/\/ptbf.pl\/index.php?rest_route=%2Fwp%2Fv2%2Ftags&post=846"}],"curies":[{"name":"wp","href":"https:\/\/api.w.org\/{rel}","templated":true}]}}