{"id":929,"date":"2015-12-15T10:46:20","date_gmt":"2015-12-15T10:46:20","guid":{"rendered":"http:\/\/ptbf.pl\/?p=929"},"modified":"2015-12-15T10:46:20","modified_gmt":"2015-12-15T10:46:20","slug":"xvi-zjazd-ptbf","status":"publish","type":"post","link":"https:\/\/ptbf.pl\/?p=929","title":{"rendered":"XVI Zjazd PTBF"},"content":{"rendered":"<p>Szanowni Pa\u0144stwo,<\/p>\n<p>W imieniu Zarz\u0105du G\u0142\u00f3wnego PTBF oraz komitet\u00f3w organizacyjnego i naukowego serdecznie zapraszamy do udzia\u0142u w XVI Zje\u017adzie Polskiego Towarzystwa Biofizycznego, kt\u00f3ry odb\u0119dzie si\u0119 w zamku w Rynie w dniach 28.06 \u2013 01.07.2016.<\/p>\n<p>Mi\u0142o nam poinformowa\u0107, \u017ce ruszy\u0142a strona Zjazdu (<a href=\"http:\/\/16zjazd.ptbf.pl\/\">http:\/\/16zjazd.ptbf.pl\/<\/a>), na kt\u00f3rej mo\u017cecie Pa\u0144stwo znale\u017a\u0107 podstawowe informacje. Strona jest ci\u0105gle rozbudowywana i umieszczane s\u0105 nowe informacje.<\/p>\n<p>XVI Zjazd PTBF odb\u0119dzie si\u0119 pod auspicjami European Biophysical Societies&#8217; Association. B\u0119dziemy te\u017c go\u015bci\u0107 Prezydenta EBSA, Prof. Helmuta Grubm\u00fcllera, oraz przedstawicieli Towarzystw Biofizycznych naszych wschodnich s\u0105siad\u00f3w. J\u0119zykiem wyk\u0142adowym XVI Zjazdu PTBF b\u0119dzie j\u0119zyk angielski. Wszystkie streszczenia komunikat\u00f3w i wyst\u0105pie\u0144 zostan\u0105 opublikowane w specjalnym numerze Current Topic in Biophysic.<\/p>\n<p>W trakcie Zjazdu, odb\u0119d\u0105 si\u0119 r\u00f3wnie\u017c trzy warsztaty naukowe z zakresu mikroskopii, technik chromatograficznych oraz syntezy mikrofalowej.<\/p>\n<p>Terminy rejestracji i op\u0142at oraz kwoty zostan\u0105 opublikowane w styczniu. Chcieli\u015bmy podkre\u015bli\u0107, \u017ce zni\u017cka op\u0142aty zjazdowej b\u0119dzie dotyczy\u0142a tylko cz\u0142onk\u00f3w PTBF, kt\u00f3rzy nie zalegaj\u0105 ze sk\u0142adkami cz\u0142onkowskimi.<\/p>\n<p><a href=\"http:\/\/ptbf.pl\/wp-content\/uploads\/2015\/12\/list-prezesa.pdf\">W za\u0142\u0105czeniu list Prezesa PTBF, prof. dr hab. Zbigniewa Wieczorka.<\/a><\/p>\n<p>Z wyrazami szacunku,<br \/>\ndr hab. Mariusz Szabelski<br \/>\nSekretarz Polskiego Towarzystwa Biofizycznego<\/p>\n","protected":false},"excerpt":{"rendered":"<a href=\"https:\/\/ptbf.pl\/?p=929\"><img loading=\"lazy\" decoding=\"async\" width=\"150\" height=\"150\" src=\"http:\/\/ptbf.pl\/wp-content\/plugins\/thumbnail-for-excerpts\/tfe_no_thumb.png\" class=\"alignleft wp-post-image tfe\" alt=\"\" title=\"\" \/><\/a><p>Szanowni Pa\u0144stwo, W imieniu Zarz\u0105du G\u0142\u00f3wnego PTBF oraz komitet\u00f3w organizacyjnego i naukowego serdecznie zapraszamy do udzia\u0142u w XVI Zje\u017adzie Polskiego Towarzystwa Biofizycznego, kt\u00f3ry odb\u0119dzie si\u0119 w zamku w Rynie w dniach 28.06 \u2013 01.07.2016. Mi\u0142o nam poinformowa\u0107, \u017ce ruszy\u0142a strona &hellip; <a href=\"https:\/\/ptbf.pl\/?p=929\">Czytaj dalej <span class=\"meta-nav\">&rarr;<\/span><\/a><\/p>\n","protected":false},"author":2,"featured_media":0,"comment_status":"closed","ping_status":"closed","sticky":false,"template":"","format":"standard","meta":{"ngg_post_thumbnail":0,"footnotes":"","_links_to":"","_links_to_target":""},"categories":[3,4,5],"tags":[],"class_list":["post-929","post","type-post","status-publish","format-standard","hentry","category-aktualnosci","category-kongresy-i-konferencje","category-listy-prezesa"],"_links":{"self":[{"href":"https:\/\/ptbf.pl\/index.php?rest_route=\/wp\/v2\/posts\/929","targetHints":{"allow":["GET"]}}],"collection":[{"href":"https:\/\/ptbf.pl\/index.php?rest_route=\/wp\/v2\/posts"}],"about":[{"href":"https:\/\/ptbf.pl\/index.php?rest_route=\/wp\/v2\/types\/post"}],"author":[{"embeddable":true,"href":"https:\/\/ptbf.pl\/index.php?rest_route=\/wp\/v2\/users\/2"}],"replies":[{"embeddable":true,"href":"https:\/\/ptbf.pl\/index.php?rest_route=%2Fwp%2Fv2%2Fcomments&post=929"}],"version-history":[{"count":0,"href":"https:\/\/ptbf.pl\/index.php?rest_route=\/wp\/v2\/posts\/929\/revisions"}],"wp:attachment":[{"href":"https:\/\/ptbf.pl\/index.php?rest_route=%2Fwp%2Fv2%2Fmedia&parent=929"}],"wp:term":[{"taxonomy":"category","embeddable":true,"href":"https:\/\/ptbf.pl\/index.php?rest_route=%2Fwp%2Fv2%2Fcategories&post=929"},{"taxonomy":"post_tag","embeddable":true,"href":"https:\/\/ptbf.pl\/index.php?rest_route=%2Fwp%2Fv2%2Ftags&post=929"}],"curies":[{"name":"wp","href":"https:\/\/api.w.org\/{rel}","templated":true}]}}