{"id":935,"date":"2016-02-04T07:34:00","date_gmt":"2016-02-04T07:34:00","guid":{"rendered":"http:\/\/ptbf.pl\/?p=935"},"modified":"2016-02-04T07:34:00","modified_gmt":"2016-02-04T07:34:00","slug":"935","status":"publish","type":"post","link":"https:\/\/ptbf.pl\/?p=935","title":{"rendered":""},"content":{"rendered":"<p><a href=\"http:\/\/ptbf.pl\/wp-content\/uploads\/2016\/02\/bioopen.jpg\"><img loading=\"lazy\" decoding=\"async\" class=\"aligncenter size-full wp-image-936\" src=\"http:\/\/ptbf.pl\/wp-content\/uploads\/2016\/02\/bioopen.jpg\" alt=\"bioopen\" width=\"605\" height=\"165\" srcset=\"https:\/\/ptbf.pl\/wp-content\/uploads\/2016\/02\/bioopen.jpg 605w, https:\/\/ptbf.pl\/wp-content\/uploads\/2016\/02\/bioopen-300x82.jpg 300w\" sizes=\"auto, (max-width: 605px) 100vw, 605px\" \/><\/a><strong>Doktorancie, M\u0142ody Naukowcu!<\/strong><\/p>\n<p>Mamy przyjemno\u015b\u0107 zaprosi\u0107 wszystkich zainteresowanych na <strong>II Og\u00f3lnopolsk\u0105 Konferencj\u0119 Doktorant\u00f3w Nauk o \u017byciu BioOpen 2016<\/strong>. W dniach <strong>12-14 maja 2016r<\/strong>, Wydzia\u0142 Biologii i Ochrony \u015arodowiska Uniwersytetu \u0141\u00f3dzkiego po raz kolejny stanie si\u0119 miejscem prezentacji dokona\u0144 licznych zespo\u0142\u00f3w badawczych, wymiany cennych do\u015bwiadcze\u0144 oraz przedstawienia osi\u0105gni\u0119\u0107 doktorant\u00f3w.<\/p>\n<p>Na Konferencji go\u015bci\u0107 b\u0119dziemy wybitnych naukowc\u00f3w, kt\u00f3rych wyst\u0105pienia otworz\u0105 obrady w czterech sesjach tematycznych:<\/p>\n<ul>\n<li><strong><em>Biologia w medycynie i przemy\u015ble<\/em><\/strong><\/li>\n<li><strong><em>Biologia molekularna<\/em><\/strong><\/li>\n<li><strong><em>Fizjologia i biotechnologia ro\u015blin<\/em><\/strong><\/li>\n<li><strong><em>Ekologia i ochrona \u015brodowiska<\/em><\/strong><\/li>\n<\/ul>\n<p>Podczas dni konferencyjnych odb\u0119d\u0105 si\u0119 tak\u017ce sesje referatowe oraz sesje plakatowe uczestnik\u00f3w. W trakcie BioOpen swoje us\u0142ugi i produkty zaprezentuj\u0105 znane i cenione firmy z bran\u017cy <em>life science<\/em>. Nie zabraknie r\u00f3wnie\u017c atrakcji integruj\u0105cych \u015brodowisko m\u0142odych naukowc\u00f3w.<\/p>\n<p><strong>Rejestracja rozpocznie si\u0119 08.02.2016r.<\/strong><\/p>\n<p>Zapraszamy na nasz\u0105 stron\u0119 internetow\u0105 (<a href=\"http:\/\/www.bioopen.pl\/\">www.bioopen.pl<\/a>) gdzie znajd\u0105 Pa\u0144stwo wszelkie niezb\u0119dne informacje dotycz\u0105ce rejestracji, zg\u0142osze\u0144, temat\u00f3w wyst\u0105pie\u0144 zaproszonych go\u015bci oraz imprez integracyjnych, a tak\u017ce na nasz profil na facebooku (<a href=\"http:\/\/www.facebook.com\/konferencja.bioopen\">www.facebook.com\/konferencja.bioopen<\/a>).<\/p>\n<p>Wszelkie zapytania prosz\u0119 kierowa\u0107 na adres: <a href=\"mailto:konferencja.bioopen@gmail.com\">konferencja.bioopen@gmail.com<\/a><\/p>\n<p>Pozdrawiamy,<\/p>\n<p>Komitet Organizacyjny<\/p>\n","protected":false},"excerpt":{"rendered":"<a href=\"https:\/\/ptbf.pl\/?p=935\"><img loading=\"lazy\" decoding=\"async\" width=\"150\" height=\"150\" src=\"http:\/\/ptbf.pl\/wp-content\/plugins\/thumbnail-for-excerpts\/tfe_no_thumb.png\" class=\"alignleft wp-post-image tfe\" alt=\"\" title=\"\" \/><\/a><p>Doktorancie, M\u0142ody Naukowcu! Mamy przyjemno\u015b\u0107 zaprosi\u0107 wszystkich zainteresowanych na II Og\u00f3lnopolsk\u0105 Konferencj\u0119 Doktorant\u00f3w Nauk o \u017byciu BioOpen 2016. W dniach 12-14 maja 2016r, Wydzia\u0142 Biologii i Ochrony \u015arodowiska Uniwersytetu \u0141\u00f3dzkiego po raz kolejny stanie si\u0119 miejscem prezentacji dokona\u0144 licznych zespo\u0142\u00f3w &hellip; <a href=\"https:\/\/ptbf.pl\/?p=935\">Czytaj dalej <span class=\"meta-nav\">&rarr;<\/span><\/a><\/p>\n","protected":false},"author":2,"featured_media":0,"comment_status":"closed","ping_status":"closed","sticky":false,"template":"","format":"standard","meta":{"ngg_post_thumbnail":0,"footnotes":"","_links_to":"","_links_to_target":""},"categories":[3,4],"tags":[],"class_list":["post-935","post","type-post","status-publish","format-standard","hentry","category-aktualnosci","category-kongresy-i-konferencje"],"_links":{"self":[{"href":"https:\/\/ptbf.pl\/index.php?rest_route=\/wp\/v2\/posts\/935","targetHints":{"allow":["GET"]}}],"collection":[{"href":"https:\/\/ptbf.pl\/index.php?rest_route=\/wp\/v2\/posts"}],"about":[{"href":"https:\/\/ptbf.pl\/index.php?rest_route=\/wp\/v2\/types\/post"}],"author":[{"embeddable":true,"href":"https:\/\/ptbf.pl\/index.php?rest_route=\/wp\/v2\/users\/2"}],"replies":[{"embeddable":true,"href":"https:\/\/ptbf.pl\/index.php?rest_route=%2Fwp%2Fv2%2Fcomments&post=935"}],"version-history":[{"count":0,"href":"https:\/\/ptbf.pl\/index.php?rest_route=\/wp\/v2\/posts\/935\/revisions"}],"wp:attachment":[{"href":"https:\/\/ptbf.pl\/index.php?rest_route=%2Fwp%2Fv2%2Fmedia&parent=935"}],"wp:term":[{"taxonomy":"category","embeddable":true,"href":"https:\/\/ptbf.pl\/index.php?rest_route=%2Fwp%2Fv2%2Fcategories&post=935"},{"taxonomy":"post_tag","embeddable":true,"href":"https:\/\/ptbf.pl\/index.php?rest_route=%2Fwp%2Fv2%2Ftags&post=935"}],"curies":[{"name":"wp","href":"https:\/\/api.w.org\/{rel}","templated":true}]}}